{"id":6681,"date":"2023-02-19T23:57:09","date_gmt":"2023-02-19T23:57:09","guid":{"rendered":"https:\/\/testok.ccooaytomadrid.es\/?p=6681"},"modified":"2023-06-11T19:14:46","modified_gmt":"2023-06-11T19:14:46","slug":"martinez-almeida-retira-la-cita-previa-en-linea-madrid-sin-contar-con-personal-suficiente-para-la-atencion-presencial","status":"publish","type":"post","link":"https:\/\/testok.ccooaytomadrid.es\/?p=6681","title":{"rendered":"Mart\u00ednez-Almeida retira la cita previa en L\u00ednea Madrid sin contar con personal suficiente para la atenci\u00f3n presencial"},"content":{"rendered":"\t\t<div data-elementor-type=\"wp-post\" data-elementor-id=\"6681\" class=\"elementor elementor-6681\">\n\t\t\t\t\t\t\t\t\t<section class=\"has_eae_slider elementor-section elementor-top-section elementor-element elementor-element-361e2bf7 elementor-section-boxed elementor-section-height-default elementor-section-height-default\" data-id=\"361e2bf7\" data-element_type=\"section\">\n\t\t\t\t\t\t<div class=\"elementor-container elementor-column-gap-default\">\n\t\t\t\t\t<div class=\"has_eae_slider elementor-column elementor-col-100 elementor-top-column elementor-element elementor-element-38de64d8\" data-id=\"38de64d8\" data-element_type=\"column\">\n\t\t\t<div class=\"elementor-widget-wrap elementor-element-populated\">\n\t\t\t\t\t\t\t\t<div class=\"elementor-element elementor-element-37475162 elementor-widget elementor-widget-text-editor\" data-id=\"37475162\" data-element_type=\"widget\" data-widget_type=\"text-editor.default\">\n\t\t\t\t<div class=\"elementor-widget-container\">\n\t\t\t\t\t\t\t<p><em><strong>Noticia recogida de Aqu\u00ed Madrid<\/strong><\/em><\/p>\n<p>El Gobierno Municipal de Madrid ha tomado la decisi\u00f3n de eliminar las\n citas previas para la casi la totalidad de gestiones que se hacen en \nlas las Oficinas de Atenci\u00f3n al Cliente (OAC), salvo padr\u00f3n e \nidentificaci\u00f3n para los funcionarios, y tributos para el personal \nexterno, en el marco de un proceso de privatizaci\u00f3n del servicio que \ncomenz\u00f3 en octubre 2022 \u00abcon resultados desastrosos\u00bb, informa CCOO, que \nafirma que el equipo de Gobierno que preside Mart\u00ednez-Almeida est\u00e1 \n\u00abtensando la cuerda a\u00fan m\u00e1s y llevando al l\u00edmite a la plantilla, al \nservicio y a los ciudadanos\u00bb.<\/p>\n<p><a href=\"https:\/\/drive.google.com\/file\/d\/1fkSsozTbwA1kBUL84mTlu1dhPHx5K-uF\/view?usp=share_link\">Ver noticia completa<\/a><\/p>\t\t\t\t\t\t<\/div>\n\t\t\t\t<\/div>\n\t\t\t\t\t<\/div>\n\t\t<\/div>\n\t\t\t\t\t\t\t<\/div>\n\t\t<\/section>\n\t\t\t\t\t\t\t<\/div>\n\t\t","protected":false},"excerpt":{"rendered":"<p>Noticia recogida de Aqu\u00ed Madrid El Gobierno Municipal de Madrid ha tomado la decisi\u00f3n de eliminar las citas previas para la casi la totalidad de gestiones que se hacen en las las Oficinas de Atenci\u00f3n al Cliente (OAC), salvo padr\u00f3n e identificaci\u00f3n para los funcionarios, y tributos para el personal externo, en el marco de &hellip;<\/p>\n<p class=\"read-more\"> <a class=\"\" href=\"https:\/\/testok.ccooaytomadrid.es\/?p=6681\"> <span class=\"screen-reader-text\">Mart\u00ednez-Almeida retira la cita previa en L\u00ednea Madrid sin contar con personal suficiente para la atenci\u00f3n presencial<\/span> Leer m\u00e1s &raquo;<\/a><\/p>\n","protected":false},"author":1,"featured_media":0,"comment_status":"open","ping_status":"open","sticky":false,"template":"elementor_theme","format":"standard","meta":{"site-sidebar-layout":"default","site-content-layout":"default","ast-global-header-display":"","ast-banner-title-visibility":"","ast-main-header-display":"","ast-hfb-above-header-display":"","ast-hfb-below-header-display":"","ast-hfb-mobile-header-display":"","site-post-title":"","ast-breadcrumbs-content":"","ast-featured-img":"","footer-sml-layout":"","theme-transparent-header-meta":"","adv-header-id-meta":"","stick-header-meta":"","header-above-stick-meta":"","header-main-stick-meta":"","header-below-stick-meta":""},"categories":[131,148],"tags":[],"_links":{"self":[{"href":"https:\/\/testok.ccooaytomadrid.es\/index.php?rest_route=\/wp\/v2\/posts\/6681"}],"collection":[{"href":"https:\/\/testok.ccooaytomadrid.es\/index.php?rest_route=\/wp\/v2\/posts"}],"about":[{"href":"https:\/\/testok.ccooaytomadrid.es\/index.php?rest_route=\/wp\/v2\/types\/post"}],"author":[{"embeddable":true,"href":"https:\/\/testok.ccooaytomadrid.es\/index.php?rest_route=\/wp\/v2\/users\/1"}],"replies":[{"embeddable":true,"href":"https:\/\/testok.ccooaytomadrid.es\/index.php?rest_route=%2Fwp%2Fv2%2Fcomments&post=6681"}],"version-history":[{"count":5,"href":"https:\/\/testok.ccooaytomadrid.es\/index.php?rest_route=\/wp\/v2\/posts\/6681\/revisions"}],"predecessor-version":[{"id":6909,"href":"https:\/\/testok.ccooaytomadrid.es\/index.php?rest_route=\/wp\/v2\/posts\/6681\/revisions\/6909"}],"wp:attachment":[{"href":"https:\/\/testok.ccooaytomadrid.es\/index.php?rest_route=%2Fwp%2Fv2%2Fmedia&parent=6681"}],"wp:term":[{"taxonomy":"category","embeddable":true,"href":"https:\/\/testok.ccooaytomadrid.es\/index.php?rest_route=%2Fwp%2Fv2%2Fcategories&post=6681"},{"taxonomy":"post_tag","embeddable":true,"href":"https:\/\/testok.ccooaytomadrid.es\/index.php?rest_route=%2Fwp%2Fv2%2Ftags&post=6681"}],"curies":[{"name":"wp","href":"https:\/\/api.w.org\/{rel}","templated":true}]}}