{"id":5886,"date":"2021-10-13T08:42:11","date_gmt":"2021-10-13T08:42:11","guid":{"rendered":"https:\/\/testwp.ccooaytomadrid.es\/?p=5886"},"modified":"2023-06-11T18:52:16","modified_gmt":"2023-06-11T18:52:16","slug":"carta-remitida-a-la-sgt-de-cultura-reclamando-explicaciones-sobre-actuaciones-de-la-banda-municipal","status":"publish","type":"post","link":"https:\/\/testok.ccooaytomadrid.es\/?p=5886","title":{"rendered":"Carta remitida a la SGT de Cultura reclamando explicaciones sobre actuaciones de la Banda Municipal"},"content":{"rendered":"<p>Desde<span style=\"color: #ff0000;\"><strong> CCOO<\/strong> <\/span>hemos remitido una carta a la Secretar\u00eda General T\u00e9cnica del \u00c1rea de Gobierno de Cultura, Turismo y Deporte&nbsp; en relaci\u00f3n a la actuaci\u00f3n que ha tenido que realizar la Banda Sinf\u00f3nica el pasado 7 de octubre en el desfile de presentaci\u00f3n de la nueva colecci\u00f3n del dise\u00f1ador de moda Palomo Spain en el Paseo del Prado.<\/p>\n<p>Por una parte nos surge la duda y esperamos que nos lo aclaren, si trat\u00e1ndose de un evento de car\u00e1cter privado, \u00bfpor qu\u00e9 ha participado personal municipal? Todas las ocupaciones temporales de la v\u00eda p\u00fablica, con motivo de actos p\u00fablicos o privados, requieren autorizaci\u00f3n por parte del Distrito Municipal o del \u00c1rea de Gobierno responsable, seg\u00fan los Decretos de Delegaci\u00f3n de competencias del Ayuntamiento de Madrid, pero la autorizaci\u00f3n es para el uso de espacios, pero la participaci\u00f3n de trabajadores y trabajadoras municipales en un acto privado es otra cosa. No hemos visto ni en la agenda del Alcalde ni en la de la Concejala Delegada del \u00c1rea de Cultura agendado este acto como municipal. Tampoco se trata de personal esencial (Bomberos, Polic\u00eda, SAMUR) que tengan que dar cobertura a servicios de car\u00e1cter privado que se desarrollen en la v\u00eda p\u00fablica.<\/p>\n<p><a href=\"https:\/\/drive.google.com\/file\/d\/1g2pluMxzqVcmHMN5Wx92R0cexnufDWbx\/view?usp=sharing\">Ver carta<\/a><\/p>\n","protected":false},"excerpt":{"rendered":"<p>Desde CCOO hemos remitido una carta a la Secretar\u00eda General T\u00e9cnica del \u00c1rea de Gobierno de Cultura, Turismo y Deporte&nbsp; en relaci\u00f3n a la actuaci\u00f3n que ha tenido que realizar la Banda Sinf\u00f3nica el pasado 7 de octubre en el desfile de presentaci\u00f3n de la nueva colecci\u00f3n del dise\u00f1ador de moda Palomo Spain en el &hellip;<\/p>\n<p class=\"read-more\"> <a class=\"\" href=\"https:\/\/testok.ccooaytomadrid.es\/?p=5886\"> <span class=\"screen-reader-text\">Carta remitida a la SGT de Cultura reclamando explicaciones sobre actuaciones de la Banda Municipal<\/span> Leer m\u00e1s &raquo;<\/a><\/p>\n","protected":false},"author":1,"featured_media":0,"comment_status":"open","ping_status":"open","sticky":false,"template":"","format":"standard","meta":{"site-sidebar-layout":"default","site-content-layout":"default","ast-global-header-display":"","ast-banner-title-visibility":"","ast-main-header-display":"","ast-hfb-above-header-display":"","ast-hfb-below-header-display":"","ast-hfb-mobile-header-display":"","site-post-title":"","ast-breadcrumbs-content":"","ast-featured-img":"","footer-sml-layout":"","theme-transparent-header-meta":"","adv-header-id-meta":"","stick-header-meta":"","header-above-stick-meta":"","header-main-stick-meta":"","header-below-stick-meta":""},"categories":[127,148],"tags":[],"_links":{"self":[{"href":"https:\/\/testok.ccooaytomadrid.es\/index.php?rest_route=\/wp\/v2\/posts\/5886"}],"collection":[{"href":"https:\/\/testok.ccooaytomadrid.es\/index.php?rest_route=\/wp\/v2\/posts"}],"about":[{"href":"https:\/\/testok.ccooaytomadrid.es\/index.php?rest_route=\/wp\/v2\/types\/post"}],"author":[{"embeddable":true,"href":"https:\/\/testok.ccooaytomadrid.es\/index.php?rest_route=\/wp\/v2\/users\/1"}],"replies":[{"embeddable":true,"href":"https:\/\/testok.ccooaytomadrid.es\/index.php?rest_route=%2Fwp%2Fv2%2Fcomments&post=5886"}],"version-history":[{"count":2,"href":"https:\/\/testok.ccooaytomadrid.es\/index.php?rest_route=\/wp\/v2\/posts\/5886\/revisions"}],"predecessor-version":[{"id":6902,"href":"https:\/\/testok.ccooaytomadrid.es\/index.php?rest_route=\/wp\/v2\/posts\/5886\/revisions\/6902"}],"wp:attachment":[{"href":"https:\/\/testok.ccooaytomadrid.es\/index.php?rest_route=%2Fwp%2Fv2%2Fmedia&parent=5886"}],"wp:term":[{"taxonomy":"category","embeddable":true,"href":"https:\/\/testok.ccooaytomadrid.es\/index.php?rest_route=%2Fwp%2Fv2%2Fcategories&post=5886"},{"taxonomy":"post_tag","embeddable":true,"href":"https:\/\/testok.ccooaytomadrid.es\/index.php?rest_route=%2Fwp%2Fv2%2Ftags&post=5886"}],"curies":[{"name":"wp","href":"https:\/\/api.w.org\/{rel}","templated":true}]}}